{"id":64175,"date":"2025-04-08T15:24:49","date_gmt":"2025-04-08T14:24:49","guid":{"rendered":"https:\/\/quartier-pouvourville.fr\/web\/?p=64175"},"modified":"2025-04-08T15:24:54","modified_gmt":"2025-04-08T14:24:54","slug":"mairie-mail-du-08-04-2025","status":"publish","type":"post","link":"https:\/\/quartier-pouvourville.fr\/web\/2025\/04\/08\/mairie-mail-du-08-04-2025\/","title":{"rendered":"Mairie Mail du 08\/04\/2025"},"content":{"rendered":"\r\n<p><strong>Voici le mail du 08\/04\/2025 de NISON Claire \u2013 Maire du Quartier 13 \u00e0 l\u2019ensemble des Membres de la Commission Urbanisme du CSLP en r\u00e9ponse au mail du 24\/03\/2025 de la Commission Urbanisme <\/strong>(voir article : \u00ab Commission Urbanisme Mail envoy\u00e9 \u00e0 la Mairie Mars 2025 \u00bb)<strong> : <\/strong><\/p>\r\n\r\n\r\n\r\n<p>&nbsp;<\/p>\r\n\r\n\r\n\r\n<p class=\"has--font-size\">Madame, Monsieur,<\/p>\r\n\r\n\r\n\r\n<p class=\"has--font-size\"><br \/>Je vous remercie pour votre courriel ainsi que pour les remarques et questionnements que vous avez soulev\u00e9s.<\/p>\r\n\r\n\r\n\r\n<p class=\"has--font-size\">Je tiens \u00e0 vous apporter quelques \u00e9l\u00e9ments de r\u00e9ponse.<\/p>\r\n\r\n\r\n\r\n<p class=\"has--font-size\"><br \/>La plateforme \u00ab Toulouse Je Participe \u00bb est l&rsquo;outil privil\u00e9gi\u00e9 par la collectivit\u00e9 pour consulter directement les citoyens en ligne. Elle favorise une large participation, permettant \u00e0 un grand nombre de personnes de s\u2019exprimer. Toutefois, il convient de pr\u00e9ciser que ce dispositif ne permet pas de v\u00e9rifier l\u2019adresse des votants via des documents officiels, tels qu\u2019un avis fiscal. Cette proc\u00e9dure serait en effet trop contraignante, tant sur le plan technique que pour les ressources humaines. Concernant le plan de circulation de Pouvourville, il est important de rappeler que le scrutin \u00e9tait consultatif, son objectif \u00e9tant d\u2019aider l&rsquo;\u00e9lu th\u00e9matique et moi-m\u00eame \u00e0 prendre une d\u00e9cision \u00e9clair\u00e9e. Les \u00e9l\u00e9ments justifiant cette d\u00e9cision ont d&rsquo;ailleurs \u00e9t\u00e9 clairement expos\u00e9s dans le courrier envoy\u00e9 aux habitants de Pouvourville en novembre dernier.<\/p>\r\n\r\n\r\n\r\n<p class=\"has--font-size\"><br \/>Afin de r\u00e9pondre aux difficult\u00e9s rencontr\u00e9es lors de la premi\u00e8re phase de la consultation, un second vote a \u00e9t\u00e9 organis\u00e9, cette fois avec une authentification mobile. Cette mesure permet de contr\u00f4ler le nombre de votes par individu. Il est \u00e0 noter que cette s\u00e9curisation, propos\u00e9e par la plateforme, engendre des co\u00fbts suppl\u00e9mentaires pour la collectivit\u00e9, en raison de l\u2019intervention d\u2019un prestataire. Cela dit, il n\u2019y a pas de diff\u00e9rence de l\u00e9gitimit\u00e9 entre les votants. Le scrutin est consultatif, et a \u00e9t\u00e9 men\u00e9 de mani\u00e8re transparente et s\u00e9curis\u00e9e.<\/p>\r\n\r\n\r\n\r\n<p class=\"has--font-size\"><br \/>Les donn\u00e9es relatives aux comptages des v\u00e9hicules ont \u00e9t\u00e9 transmises au Comit\u00e9 de quartier et \u00e0 la Commission Urbanisme. Ces chiffres ont \u00e9t\u00e9 collect\u00e9s par le Service Mobilit\u00e9, mais certains al\u00e9as, comme des travaux de concessionnaires ou des manifestations, ont pu entra\u00eener des fluctuations dans les donn\u00e9es. Il est donc important de pr\u00e9ciser que les chiffres envoy\u00e9s refl\u00e8tent la r\u00e9alit\u00e9 des comptages effectu\u00e9s \u00e0 ce moment pr\u00e9cis.<\/p>\r\n\r\n\r\n\r\n<p class=\"has--font-size\"><br \/>Concernant la rue de Fondeville Ouest, la date du 29 novembre 2024 pour la remise en circulation a \u00e9t\u00e9 avanc\u00e9e en raison de l\u2019annulation des travaux du Cycle de l\u2019Eau initialement pr\u00e9vus. Ces travaux devaient intervenir apr\u00e8s l\u2019exp\u00e9rimentation du plan de circulation de 6 mois. Celle-ci s&rsquo;\u00e9tant prolong\u00e9e, les travaux ont \u00e9t\u00e9 report\u00e9s en raison des incertitudes sur la r\u00e9alisation du projet. Les services du Cycle de l\u2019Eau ont alors prioris\u00e9 leurs interventions sur le chemin de Narrade.<\/p>\r\n\r\n\r\n\r\n<p class=\"has--font-size\"><br \/>Les travaux d\u2019am\u00e9nagement sur le chemin de Narrade d\u00e9buteront en juillet, et seuls les am\u00e9nagements concernant cette portion du projet C\u0153ur de Quartier seront maintenus. Comme vous le savez, le projet de r\u00e9am\u00e9nagement de la place de l\u2019\u00e9glise n\u2019est pas compatible avec le flux de circulation observ\u00e9 rue de Fondeville Ouest. Un nouveau projet de C\u0153ur de Quartier pourrait \u00eatre propos\u00e9 aux habitants dans les prochaines ann\u00e9es ; toutefois, les \u00e9tudes ne seront pas r\u00e9alis\u00e9es sur ce mandat.<\/p>\r\n\r\n\r\n\r\n<p class=\"has--font-size\"><br \/>Je tiens \u00e0 souligner que toutes les justifications concernant ce retour \u00e0 l\u2019\u00e9tat initial ont \u00e9t\u00e9 d\u00e9taill\u00e9es dans le courrier envoy\u00e9 aux riverains en novembre dernier. Par cons\u00e9quent, une r\u00e9union publique ne semble pas n\u00e9cessaire \u00e0 ce stade.<\/p>\r\n\r\n\r\n\r\n<p class=\"has--font-size\"><br \/>En ce qui concerne la mobilit\u00e9 \u00e0 Pouvourville, il est effectivement pertinent d\u2019envisager une r\u00e9flexion avec les communes voisines. Le quartier souffre d\u2019un ph\u00e9nom\u00e8ne de shunt de non-r\u00e9sidents qui cherchent \u00e0 rejoindre Toulouse et des \u00e9changes doivent avoir lieu \u00e0 ce sujet de mani\u00e8re collective. Cependant, pour ce qui est du quartier, il est essentiel de rappeler que la mobilit\u00e9 est majoritairement orient\u00e9e vers le v\u00e9hicule. Les possibilit\u00e9s d\u2019am\u00e9nagement de Pouvourville sont limit\u00e9es par la configuration des voies et la disponibilit\u00e9 du foncier m\u00e9tropolitain. De plus, selon Tiss\u00e9o, la fr\u00e9quentation actuelle des transports en commun dans cette zone reste insuffisante pour justifier une densification de l\u2019offre.<\/p>\r\n\r\n\r\n\r\n<p class=\"has--font-size\"><br \/>Par ailleurs, la s\u00e9curisation et la r\u00e9duction de la vitesse du chemin du Vallon et de la rue de Fondeville Ouest font actuellement l\u2019objet d\u2019\u00e9tudes depuis le report du projet C\u0153ur de Quartier. Pour rappel, nos interventions sont limit\u00e9es par des contraintes fonci\u00e8res et r\u00e9glementaires. Toutefois, la rue de Fondeville sera am\u00e9nag\u00e9e pour s\u00e9curiser la circulation automobile au mois d&rsquo;avril par deux zones refuges successives \u00e0 r\u00e9gime de priorit\u00e9. \u00c0 cette occasion, la signal\u00e9tique verticale et horizontale sera am\u00e9lior\u00e9e afin de faciliter le franchissement des r\u00e9tr\u00e9cissements de la voie. Ce dispositif facilitera la visibilit\u00e9 des automobilistes et permettra de limiter la vitesse de circulation. Un marquage axial sera \u00e9galement r\u00e9alis\u00e9 sur le chemin du Vallon afin de d\u00e9limiter les deux voies de circulation, et une ligne jaune signalant l&rsquo;interdiction de stationnement sera \u00e9galement trac\u00e9e pour d\u00e9courager les stationnements g\u00eanants \u00e0 proximit\u00e9 de la rue de Fondeville.<\/p>\r\n\r\n\r\n\r\n<p class=\"has--font-size\"><br \/>Concernant la v\u00e9lostation de la rue de Fondeville, un emplacement avait \u00e9t\u00e9 identifi\u00e9 pour son implantation au niveau du 63, rue de Fondeville. Son implantation a \u00e9t\u00e9 modifi\u00e9e sur le chemin de Narrade afin de ne pas contraindre davantage l&rsquo;espace public disponible sur la rue de Fondeville.<\/p>\r\n\r\n\r\n\r\n<p class=\"has--font-size\"><br \/>Enfin, je vous prie de m&rsquo;excuser pour les informations transmises en lien avec le projet de halle des sports de Pouvourville. Ce projet a bien \u00e9t\u00e9 report\u00e9 d\u00e8s 2021 sur le prochain mandat, mais le co\u00fbt de l&rsquo;am\u00e9nagement \u00e9tait estim\u00e9 \u00e0 4,9 millions d&rsquo;euros. Les justifications du report au prochain mandat restent les m\u00eames. Le co\u00fbt pr\u00e9visionnel a augment\u00e9 de mani\u00e8re significative, notamment en raison de l&rsquo;augmentation des prix des mati\u00e8res premi\u00e8res li\u00e9e au contexte international.<\/p>\r\n\r\n\r\n\r\n<p class=\"has--font-size\"><br \/>Tels sont les \u00e9l\u00e9ments que je tenais \u00e0 porter \u00e0 votre connaissance.<\/p>\r\n\r\n\r\n\r\n<p class=\"has--font-size\"><br \/>Je vous prie d\u2019agr\u00e9er, Madame, Monsieur, l\u2019expression de mes salutations distingu\u00e9es.<\/p>\r\n\r\n\r\n\r\n<p class=\"has--font-size\"><br \/>Claire NISON<br \/>Maire du Quartier 13 : Rangueil, Sauzelong, Jules Julien, Pech David, Pouvourville<br \/>Secr\u00e9tariat Mairie de quartier : 05 34 24 53 81<\/p>\r\n\r\n\r\n\r\n<p class=\"has--font-size\"><br \/>Conseill\u00e8re Municipale D\u00e9l\u00e9gu\u00e9e<br \/>Immeubles mena\u00e7ant ruine \/ Logement insalubre<br \/>R\u00e9novation des fa\u00e7ades \/ Chantiers priv\u00e9s<\/p>\r\n\r\n\r\n\r\n<p>&nbsp;<\/p>\r\n","protected":false},"excerpt":{"rendered":"<p>Voici le mail du 08\/04\/2025 de NISON Claire \u2013 Maire du Quartier 13 \u00e0 l\u2019ensemble des Membres de la Commission Urbanisme du CSLP en r\u00e9ponse au mail du 24\/03\/2025 de la Commission Urbanisme (voir article : \u00ab Commission Urbanisme Mail envoy\u00e9 \u00e0 la Mairie Mars 2025 \u00bb) : &nbsp; Madame, Monsieur, Je vous remercie pour [&hellip;]<\/p>\n","protected":false},"author":136,"featured_media":7733,"comment_status":"closed","ping_status":"closed","sticky":false,"template":"","format":"standard","meta":{"_acf_changed":false,"_lmt_disableupdate":"yes","_lmt_disable":"","cybocfi_hide_featured_image":"","footnotes":""},"categories":[429],"tags":[],"class_list":["post-64175","post","type-post","status-publish","format-standard","has-post-thumbnail","hentry","category-urbanisme"],"blocksy_meta":[],"acf":[],"modified_by":"Patrick","_links":{"self":[{"href":"https:\/\/quartier-pouvourville.fr\/web\/wp-json\/wp\/v2\/posts\/64175","targetHints":{"allow":["GET"]}}],"collection":[{"href":"https:\/\/quartier-pouvourville.fr\/web\/wp-json\/wp\/v2\/posts"}],"about":[{"href":"https:\/\/quartier-pouvourville.fr\/web\/wp-json\/wp\/v2\/types\/post"}],"author":[{"embeddable":true,"href":"https:\/\/quartier-pouvourville.fr\/web\/wp-json\/wp\/v2\/users\/136"}],"replies":[{"embeddable":true,"href":"https:\/\/quartier-pouvourville.fr\/web\/wp-json\/wp\/v2\/comments?post=64175"}],"version-history":[{"count":0,"href":"https:\/\/quartier-pouvourville.fr\/web\/wp-json\/wp\/v2\/posts\/64175\/revisions"}],"wp:featuredmedia":[{"embeddable":true,"href":"https:\/\/quartier-pouvourville.fr\/web\/wp-json\/wp\/v2\/media\/7733"}],"wp:attachment":[{"href":"https:\/\/quartier-pouvourville.fr\/web\/wp-json\/wp\/v2\/media?parent=64175"}],"wp:term":[{"taxonomy":"category","embeddable":true,"href":"https:\/\/quartier-pouvourville.fr\/web\/wp-json\/wp\/v2\/categories?post=64175"},{"taxonomy":"post_tag","embeddable":true,"href":"https:\/\/quartier-pouvourville.fr\/web\/wp-json\/wp\/v2\/tags?post=64175"}],"curies":[{"name":"wp","href":"https:\/\/api.w.org\/{rel}","templated":true}]}}