{"id":64269,"date":"2025-05-01T15:09:35","date_gmt":"2025-05-01T14:09:35","guid":{"rendered":"https:\/\/quartier-pouvourville.fr\/web\/?p=64269"},"modified":"2025-08-04T14:35:50","modified_gmt":"2025-08-04T13:35:50","slug":"synthese-rencontre-de-quartier-avec-mme-nison-avril-2025","status":"publish","type":"post","link":"https:\/\/quartier-pouvourville.fr\/web\/2025\/05\/01\/synthese-rencontre-de-quartier-avec-mme-nison-avril-2025\/","title":{"rendered":"Synth\u00e8se Rencontre de quartier avec Mme Nison \u2013 Avril 2025"},"content":{"rendered":"<p><strong>Derni\u00e8re modification de l&rsquo;article : 22 mai 2025 &#8211; ajouts d&rsquo;informations d&rsquo;un participant \u00e0 la rencontre<\/strong><\/p>\n<p>&nbsp;<\/p>\n<p>Mme <strong>Claire Nison<\/strong>, Maire du Quartier 13 \u00e0 Toulouse, a convi\u00e9 les riverain\u00b7es \u00e0 une rencontre sur le terrain, le mardi 29 avril 2025 \u00e0 18h, rue du Tanneron.<\/p>\n<p>Objectif : <strong>\u00e9changer sur les probl\u00e9matiques du quotidien<\/strong>, recueillir des suggestions concr\u00e8tes et dialoguer autour des <strong>am\u00e9nagements<\/strong> \u00e0 venir dans le secteur sud-est de notre quartier (Chemin des Clotasses, Chemin du Rat, Chemin d\u2019Auzeville, Rue de l\u2019Esterel, \u2026).<\/p>\n<p>La <strong>Commission Urbanisme (du CSLP)<\/strong>, a pr\u00e9par\u00e9 en amont une s\u00e9rie de questions et observations transmises \u00e0 Mme Nison.<\/p>\n<p><strong>Questions port\u00e9es par la commission et r\u00e9ponses apport\u00e9es<\/strong> :<\/p>\n<p><strong>\u27a1\ufe0f Chemin des Clotasses<\/strong><\/p>\n<ul>\n<li>Des probl\u00e8mes r\u00e9currents d\u2019entretien ont \u00e9t\u00e9 signal\u00e9s.<\/li>\n<li>Un bureau d\u2019\u00e9tudes a propos\u00e9 des \u00e9largissements et consolidations cibl\u00e9es. Cependant, les <strong>travaux lourds ne sont pas envisag\u00e9s avant 2028<\/strong>, en raison des co\u00fbts. Un <strong>entretien r\u00e9gulier<\/strong> a \u00e9t\u00e9 demand\u00e9 d\u2019ici l\u00e0.<\/li>\n<\/ul>\n<p><strong>\u27a1\ufe0f R\u00e9sidence senior<\/strong><\/p>\n<ul>\n<li>Le projet est en <strong>attente de d\u00e9cision judiciaire<\/strong>. Les recours gracieux ont \u00e9t\u00e9 rejet\u00e9s.<\/li>\n<\/ul>\n<p><strong>\u27a1\ufe0f Liaison pi\u00e9tonne Tanneron\u2013Sardaing<\/strong><\/p>\n<ul>\n<li>Mme Nison a indiqu\u00e9 que cette liaison est <strong>hors comp\u00e9tence municipale<\/strong>, car elle concerne deux <strong>voies priv\u00e9es<\/strong>. Elle regrette toutefois cette situation.<\/li>\n<\/ul>\n<p><strong>\u27a1\ufe0f Connexion Clotasses\u2013Gleyzes Vieille via le ruisseau Saint-Agne<\/strong><\/p>\n<ul>\n<li>Des travaux sont en cours pour <strong>ma\u00eetriser les eaux pluviales<\/strong>, avec enrochement vers le St Agne.<\/li>\n<li>Le r\u00e9tablissement d\u2019une <strong>liaison pi\u00e9tonne entre Ramonville et Toulouse<\/strong> a \u00e9t\u00e9 \u00e9voqu\u00e9.<\/li>\n<\/ul>\n<p><strong>\u27a1\ufe0f Parcelle de la Janerie \u2013 PLUi-H<\/strong><\/p>\n<ul>\n<li>Le <strong>classement en zone naturelle (NS)<\/strong> : \u00e0 ce jour cette parcelle est class\u00e9e en zone naturelle (NS). La <strong>Commission d&rsquo;enqu\u00eate<\/strong> rendra son rapport et ses conclusions courant mai. Ces documents seront publi\u00e9s sur le site Internet de Toulouse M\u00e9tropole. L&rsquo;avis est consultatif et ne remet pas en cause le cadre l\u00e9gal de protection des zones NS.<\/li>\n<li>\u00c0 ce jour, <strong>aucun projet immobilier<\/strong> n\u2019est officiellement d\u00e9clar\u00e9 sur cette parcelle.<\/li>\n<\/ul>\n<p><strong>\u27a1\ufe0f Am\u00e9nagement rue Fondeville Ouest<\/strong><\/p>\n<ul>\n<li>Les travaux d\u00e9marreront bient\u00f4t avec des <strong>chicanes courtes et fr\u00e9quentes<\/strong> pour limiter la vitesse des v\u00e9hicules.<\/li>\n<\/ul>\n<p>&nbsp;<\/p>\n<p><strong>Autres sujets abord\u00e9s pendant la rencontre<\/strong> :<\/p>\n<ul>\n<li>Des <strong>\u00e9changes de contacts<\/strong> entre habitant\u00b7es ont permis de cr\u00e9er une dynamique collective sur certains sujets sensibles.<\/li>\n<li>Des <strong>travaux importants sont envisag\u00e9s sur le chemin Flou de Riou<\/strong>, en lien avec les probl\u00e8mes d\u2019\u00e9coulement et d\u2019urbanisation r\u00e9cente. Le <strong>co\u00fbt annonc\u00e9 est significatif<\/strong>, mais ces interventions sont jug\u00e9es n\u00e9cessaires.<\/li>\n<li>Une <strong>demande d\u2019am\u00e9nagement s\u00e9curis\u00e9<\/strong> a \u00e9t\u00e9 formul\u00e9e entre le chemin du Vallon et le rond-point du coll\u00e8ge Bellevue, emprunt\u00e9 par de nombreux coll\u00e9giens.<\/li>\n<li>Une <strong>piste cyclable<\/strong> a \u00e9t\u00e9 propos\u00e9e sur le chemin de Pouvourville, entre le rond-point du coll\u00e8ge et le feu du chemin du Vallon.<\/li>\n<\/ul>\n<p>&nbsp;<\/p>\n<p><strong>\u270d\ufe0f Et maintenant ?<\/strong><\/p>\n<p>Cet article est <strong>ouvert \u00e0 contributions<\/strong>. Si vous avez assist\u00e9 \u00e0 la rencontre ou si vous souhaitez <strong>compl\u00e9ter ou corriger<\/strong> certaines informations, merci de nous \u00e9crire ou de nous transmettre vos remarques \u00e0 l\u2019adresse suivante : <strong>urbanisme@quartier-pouvourville.fr<\/strong><\/p>\n<p>Notre objectif est de maintenir une <strong>m\u00e9moire partag\u00e9e<\/strong> et d\u2019enrichir le dialogue citoyen autour des enjeux d\u2019urbanisme de notre quartier.<\/p>\n<p>&nbsp;<\/p>\n<p><strong>Suite \u00e0 cette rencontre<\/strong> du 29 avril avec Mme Nison, un r\u00e9sident a transmis un courrier \u00e0 la Maire de Quartier et \u00e0 la commission urbanisme le 12 mai, synth\u00e9tisant les pr\u00e9occupations locales.<\/p>\n<p>Lire le document : <a href=\"https:\/\/quartier-pouvourville.fr\/web\/wp-content\/uploads\/2025\/05\/20250428_Questions-ouvertes-Reunion-Maire-de-Quartier-.pdf\" target=\"_blank\" rel=\"noopener\">courrier du r\u00e9sident<\/a><\/p>\n","protected":false},"excerpt":{"rendered":"<p>Derni\u00e8re modification de l&rsquo;article : 22 mai 2025 &#8211; ajouts d&rsquo;informations d&rsquo;un participant \u00e0 la rencontre &nbsp; Mme Claire Nison, Maire du Quartier 13 \u00e0 Toulouse, a convi\u00e9 les riverain\u00b7es \u00e0 une rencontre sur le terrain, le mardi 29 avril 2025 \u00e0 18h, rue du Tanneron. Objectif : \u00e9changer sur les probl\u00e9matiques du quotidien, recueillir [&hellip;]<\/p>\n","protected":false},"author":136,"featured_media":523,"comment_status":"closed","ping_status":"closed","sticky":false,"template":"","format":"standard","meta":{"_acf_changed":false,"_lmt_disableupdate":"no","_lmt_disable":"","cybocfi_hide_featured_image":"","footnotes":""},"categories":[429],"tags":[],"class_list":["post-64269","post","type-post","status-publish","format-standard","has-post-thumbnail","hentry","category-urbanisme"],"blocksy_meta":[],"acf":[],"modified_by":"Nicole","_links":{"self":[{"href":"https:\/\/quartier-pouvourville.fr\/web\/wp-json\/wp\/v2\/posts\/64269","targetHints":{"allow":["GET"]}}],"collection":[{"href":"https:\/\/quartier-pouvourville.fr\/web\/wp-json\/wp\/v2\/posts"}],"about":[{"href":"https:\/\/quartier-pouvourville.fr\/web\/wp-json\/wp\/v2\/types\/post"}],"author":[{"embeddable":true,"href":"https:\/\/quartier-pouvourville.fr\/web\/wp-json\/wp\/v2\/users\/136"}],"replies":[{"embeddable":true,"href":"https:\/\/quartier-pouvourville.fr\/web\/wp-json\/wp\/v2\/comments?post=64269"}],"version-history":[{"count":1,"href":"https:\/\/quartier-pouvourville.fr\/web\/wp-json\/wp\/v2\/posts\/64269\/revisions"}],"predecessor-version":[{"id":66009,"href":"https:\/\/quartier-pouvourville.fr\/web\/wp-json\/wp\/v2\/posts\/64269\/revisions\/66009"}],"wp:featuredmedia":[{"embeddable":true,"href":"https:\/\/quartier-pouvourville.fr\/web\/wp-json\/wp\/v2\/media\/523"}],"wp:attachment":[{"href":"https:\/\/quartier-pouvourville.fr\/web\/wp-json\/wp\/v2\/media?parent=64269"}],"wp:term":[{"taxonomy":"category","embeddable":true,"href":"https:\/\/quartier-pouvourville.fr\/web\/wp-json\/wp\/v2\/categories?post=64269"},{"taxonomy":"post_tag","embeddable":true,"href":"https:\/\/quartier-pouvourville.fr\/web\/wp-json\/wp\/v2\/tags?post=64269"}],"curies":[{"name":"wp","href":"https:\/\/api.w.org\/{rel}","templated":true}]}}