{"id":68638,"date":"2026-03-17T18:58:07","date_gmt":"2026-03-17T17:58:07","guid":{"rendered":"https:\/\/quartier-pouvourville.fr\/web\/?p=68638"},"modified":"2026-03-17T19:06:41","modified_gmt":"2026-03-17T18:06:41","slug":"theatre-pour-son-31-du-27-au-29-mars","status":"publish","type":"post","link":"https:\/\/quartier-pouvourville.fr\/web\/2026\/03\/17\/theatre-pour-son-31-du-27-au-29-mars\/","title":{"rendered":"RENCONTRE TPS\/31, modification"},"content":{"rendered":"<div class=\"gmail_default\"><span style=\"font-family: Helvetica Neue; font-size: large;\">Suite \u00e0 un d\u00e9sistement pour le vendredi 27 mars \u00e0 20 H\u00a030 \u00e0 la rencontre\u00a0<\/span><span style=\"font-family: Helvetica Neue; font-size: large;\">TPS\/31 nous vous proposons la pi\u00e8ce suivante :\u00a0<\/span><\/div>\n<div class=\"gmail_default\"><span style=\"color: #ff0000; font-family: Helvetica Neue; font-size: large;\"><b><i><u>JE SUIS CONTENTE DE TE VOIR,\u00a0<\/u><\/i><\/b><\/span><\/div>\n<div class=\"gmail_default\"><span style=\"font-size: large;\">une pi\u00e8ce de Claude COHEN, par la Compagnie \u00ab Le Petit Fauteuil Rouge \u00bb<\/span><\/div>\n<div class=\"gmail_default\"><span style=\"font-size: large;\">\u00a0<\/span><\/div>\n<div class=\"gmail_default\">\n<p><u><span style=\"font-size: large;\">Le synopsis :<\/span><\/u><\/p>\n<p><span style=\"font-size: large;\">Une m\u00e8re et sa fille se retrouvent autour d\u2019un repas attendu, pr\u00e9par\u00e9, presque ritualis\u00e9. Tout semble familier. Trop familier.\u00a0<\/span><\/p>\n<p><span style=\"font-size: large;\">Tr\u00e8s vite, la conversation glisse du quotidien vers l\u2019essentiel : l\u2019enfance, les attentes, les silences, les reproches enfouis. L\u2019humour grince, les mots blessent, la tendresse peine \u00e0 trouver sa place.\u00a0<\/span><\/p>\n<p><span style=\"font-size: large;\">\u00c0 mesure que le face-\u00e0-face s\u2019intensifie, le pass\u00e9 envahit le pr\u00e9sent et la r\u00e9alit\u00e9 elle-m\u00eame se fissure.<\/span><\/p>\n<p><span style=\"font-size: large;\">Un huis clos tendu et profond\u00e9ment humain sur la m\u00e9moire, relation m\u00e8re-fille,\u00a0\u00a0et ce que l\u2019on ab\u00eeme quand on ne sait pas aimer.<\/span><\/p>\n<\/div>\n<div class=\"gmail_default\"><\/div>\n<div><\/div>\n<div><\/div>\n","protected":false},"excerpt":{"rendered":"<p>Suite \u00e0 un d\u00e9sistement pour le vendredi 27 mars \u00e0 20 H\u00a030 \u00e0 la rencontre\u00a0TPS\/31 nous vous proposons la pi\u00e8ce suivante :\u00a0<br \/>\nJE SUIS CONTENTE DE TE VOIR,\u00a0<br \/>\nune pi\u00e8ce de Claude COHEN, par la Compagnie \u00ab Le Petit Fauteuil Rouge \u00bb<\/p>\n","protected":false},"author":11,"featured_media":68641,"comment_status":"closed","ping_status":"closed","sticky":false,"template":"","format":"standard","meta":{"_acf_changed":false,"_lmt_disableupdate":"no","_lmt_disable":"","cybocfi_hide_featured_image":"","footnotes":""},"categories":[6],"tags":[],"class_list":["post-68638","post","type-post","status-publish","format-standard","has-post-thumbnail","hentry","category-accueil"],"blocksy_meta":[],"acf":[],"modified_by":"Nicole","_links":{"self":[{"href":"https:\/\/quartier-pouvourville.fr\/web\/wp-json\/wp\/v2\/posts\/68638","targetHints":{"allow":["GET"]}}],"collection":[{"href":"https:\/\/quartier-pouvourville.fr\/web\/wp-json\/wp\/v2\/posts"}],"about":[{"href":"https:\/\/quartier-pouvourville.fr\/web\/wp-json\/wp\/v2\/types\/post"}],"author":[{"embeddable":true,"href":"https:\/\/quartier-pouvourville.fr\/web\/wp-json\/wp\/v2\/users\/11"}],"replies":[{"embeddable":true,"href":"https:\/\/quartier-pouvourville.fr\/web\/wp-json\/wp\/v2\/comments?post=68638"}],"version-history":[{"count":2,"href":"https:\/\/quartier-pouvourville.fr\/web\/wp-json\/wp\/v2\/posts\/68638\/revisions"}],"predecessor-version":[{"id":68642,"href":"https:\/\/quartier-pouvourville.fr\/web\/wp-json\/wp\/v2\/posts\/68638\/revisions\/68642"}],"wp:featuredmedia":[{"embeddable":true,"href":"https:\/\/quartier-pouvourville.fr\/web\/wp-json\/wp\/v2\/media\/68641"}],"wp:attachment":[{"href":"https:\/\/quartier-pouvourville.fr\/web\/wp-json\/wp\/v2\/media?parent=68638"}],"wp:term":[{"taxonomy":"category","embeddable":true,"href":"https:\/\/quartier-pouvourville.fr\/web\/wp-json\/wp\/v2\/categories?post=68638"},{"taxonomy":"post_tag","embeddable":true,"href":"https:\/\/quartier-pouvourville.fr\/web\/wp-json\/wp\/v2\/tags?post=68638"}],"curies":[{"name":"wp","href":"https:\/\/api.w.org\/{rel}","templated":true}]}}